{"id":18676,"date":"2025-06-26T22:05:37","date_gmt":"2025-06-26T22:05:37","guid":{"rendered":"https:\/\/trema-europe.de\/?p=18676"},"modified":"2025-10-15T08:45:33","modified_gmt":"2025-10-15T08:45:33","slug":"trema-tage-2025-in-mosbach","status":"publish","type":"post","link":"https:\/\/trema-europe.de\/index.php\/2025\/06\/26\/trema-tage-2025-in-mosbach\/","title":{"rendered":"TREMA Tage 2025 in Mosbach"},"content":{"rendered":"\n<p><\/p>\n\n\n\n<div class=\"elementToProof\" style=\"font-size: 12pt; letter-spacing: normal; white-space: normal; direction: ltr; font-family: Arial, Helvetica, sans-serif; color: rgb(0, 0, 0);\">Die TREMA &#8211; Tage 2025 n\u00e4hern sich. Auch dieses Jahr wird es am 24. und 25. Oktober wieder ein buntes Programm aus 7 verschiedenen Vortr\u00e4gen sowie 52 praktischen Workshops aus 25 Themenbereichen am TCRH Mosbach geben. In der Industrieausstellung werden neueste Entwicklungen von Verbandstoffen, Ausr\u00fcstung sowie Technik vorgestellt. Anfassen und Testen ausdr\u00fccklich erw\u00fcnscht! Dies rundet die Veranstaltung ab. F\u00fcr beh\u00f6rdliche Einheiten mit speziellem Schutzbed\u00fcrfnis&nbsp;werden wieder geschlossene Workshops angeboten um auch &#8222;unter sich&#8220; neueste Vorgehensweisen testen zu k\u00f6nnen und sich entsprechend \u00fcber L\u00e4ndergrenzen hinweg auszutauschen. Die Anmeldung f\u00fcr bis zu 350 Mitglieder sowie G\u00e4ste startet am Samstag, den 28.06.2025 um 18 Uhr. Kontingentbuchung f\u00fcr geschlossene Einheiten ebenfalls m\u00f6glich!<\/div>\n\n\n\n<div class=\"elementToProof\" style=\"font-size: 12pt; letter-spacing: normal; white-space: normal; direction: ltr; font-family: Arial, Helvetica, sans-serif; color: rgb(0, 0, 0);\"><\/div>\n\n\n\n<p><span style=\"color: rgb(0, 0, 0); font-family: Arial, Helvetica, sans-serif; font-size: 12pt; letter-spacing: normal; white-space: normal;\">Anmeldung unter:&nbsp;<\/span><a style=\"font-family: Arial, Helvetica, sans-serif; font-size: 12pt; letter-spacing: normal; white-space: normal;\" href=\"https:\/\/gstoo.de\/trema-tage\">https:\/\/gstoo.de\/trema-tage<\/a><\/p>\n\n\n\n<p><\/p>\n\n\n\n<figure class=\"wp-block-image size-full\"><img loading=\"lazy\" decoding=\"async\" width=\"898\" height=\"1273\" src=\"https:\/\/trema-europe.de\/wp-content\/uploads\/2025\/10\/Bildschirmfoto-2025-10-15-um-10.18.53.png\" alt=\"\" class=\"wp-image-18964\" srcset=\"https:\/\/trema-europe.de\/wp-content\/uploads\/2025\/10\/Bildschirmfoto-2025-10-15-um-10.18.53.png 898w, https:\/\/trema-europe.de\/wp-content\/uploads\/2025\/10\/Bildschirmfoto-2025-10-15-um-10.18.53-212x300.png 212w, https:\/\/trema-europe.de\/wp-content\/uploads\/2025\/10\/Bildschirmfoto-2025-10-15-um-10.18.53-722x1024.png 722w, https:\/\/trema-europe.de\/wp-content\/uploads\/2025\/10\/Bildschirmfoto-2025-10-15-um-10.18.53-768x1089.png 768w\" sizes=\"auto, (max-width: 898px) 100vw, 898px\" \/><\/figure>\n","protected":false},"excerpt":{"rendered":"<p>Die TREMA &#8211; Tage 2025 n\u00e4hern sich. Auch dieses Jahr wird es am 24. und 25. Oktober wieder ein buntes Programm aus &hellip; <\/p>\n<p><a href=\"https:\/\/trema-europe.de\/index.php\/2025\/06\/26\/trema-tage-2025-in-mosbach\/\" class=\"read-more-btn btn btn-small\">Weiterlesen&#8230;<span class=\"screen-reader-text\">TREMA Tage 2025 in Mosbach<\/span><\/a><\/p>\n","protected":false},"author":1,"featured_media":18677,"comment_status":"closed","ping_status":"closed","sticky":false,"template":"","format":"standard","meta":{"_acf_changed":false,"_jetpack_memberships_contains_paid_content":false,"footnotes":"","jetpack_publicize_message":"","jetpack_publicize_feature_enabled":true,"jetpack_social_post_already_shared":true,"jetpack_social_options":{"image_generator_settings":{"template":"highway","default_image_id":0,"font":"","enabled":false},"version":2}},"categories":[1],"tags":[],"class_list":["post-18676","post","type-post","status-publish","format-standard","has-post-thumbnail","hentry","category-uncategorized"],"acf":[],"jetpack_publicize_connections":[],"jetpack_featured_media_url":"https:\/\/trema-europe.de\/wp-content\/uploads\/2025\/06\/Bildschirmfoto-2025-06-27-um-00.01.47.png","jetpack_sharing_enabled":true,"_links":{"self":[{"href":"https:\/\/trema-europe.de\/index.php\/wp-json\/wp\/v2\/posts\/18676","targetHints":{"allow":["GET"]}}],"collection":[{"href":"https:\/\/trema-europe.de\/index.php\/wp-json\/wp\/v2\/posts"}],"about":[{"href":"https:\/\/trema-europe.de\/index.php\/wp-json\/wp\/v2\/types\/post"}],"author":[{"embeddable":true,"href":"https:\/\/trema-europe.de\/index.php\/wp-json\/wp\/v2\/users\/1"}],"replies":[{"embeddable":true,"href":"https:\/\/trema-europe.de\/index.php\/wp-json\/wp\/v2\/comments?post=18676"}],"version-history":[{"count":3,"href":"https:\/\/trema-europe.de\/index.php\/wp-json\/wp\/v2\/posts\/18676\/revisions"}],"predecessor-version":[{"id":18965,"href":"https:\/\/trema-europe.de\/index.php\/wp-json\/wp\/v2\/posts\/18676\/revisions\/18965"}],"wp:featuredmedia":[{"embeddable":true,"href":"https:\/\/trema-europe.de\/index.php\/wp-json\/wp\/v2\/media\/18677"}],"wp:attachment":[{"href":"https:\/\/trema-europe.de\/index.php\/wp-json\/wp\/v2\/media?parent=18676"}],"wp:term":[{"taxonomy":"category","embeddable":true,"href":"https:\/\/trema-europe.de\/index.php\/wp-json\/wp\/v2\/categories?post=18676"},{"taxonomy":"post_tag","embeddable":true,"href":"https:\/\/trema-europe.de\/index.php\/wp-json\/wp\/v2\/tags?post=18676"}],"curies":[{"name":"wp","href":"https:\/\/api.w.org\/{rel}","templated":true}]}}