{"id":18642,"date":"2024-06-06T12:04:57","date_gmt":"2024-06-06T12:04:57","guid":{"rendered":"https:\/\/trema-europe.de\/?p=18642"},"modified":"2024-06-13T20:37:40","modified_gmt":"2024-06-13T20:37:40","slug":"trema-tage-2024-in-mosbach","status":"publish","type":"post","link":"https:\/\/trema-europe.de\/index.php\/2024\/06\/06\/trema-tage-2024-in-mosbach\/","title":{"rendered":"TREMA Tage 2024 in Mosbach"},"content":{"rendered":"\n<p>Die TREMA Tage 2024 stehen vor der T\u00fcr und auch in diesem Jahr verspricht die Veranstaltung in Mosbach wieder hochinteressant zu werden. Am 18. und 19. Oktober 2024 haben beh\u00f6rdliche Einheiten mit speziellem Schutzbedarf die M\u00f6glichkeit, an Vortr\u00e4gen, Workshops und Networking-Events teilzunehmen, um ihre Einheitssanit\u00e4ter und Medics weiterzubilden und zu vernetzen.<\/p>\n\n\n<div class=\"wp-block-image\">\n<figure class=\"aligncenter size-large\"><img loading=\"lazy\" decoding=\"async\" width=\"824\" height=\"1024\" src=\"https:\/\/trema-europe.de\/wp-content\/uploads\/2024\/06\/7a631ee9-eac7-479d-96dd-975df94ae53f-824x1024.jpg\" alt=\"\" class=\"wp-image-18644\" srcset=\"https:\/\/trema-europe.de\/wp-content\/uploads\/2024\/06\/7a631ee9-eac7-479d-96dd-975df94ae53f-824x1024.jpg 824w, https:\/\/trema-europe.de\/wp-content\/uploads\/2024\/06\/7a631ee9-eac7-479d-96dd-975df94ae53f-241x300.jpg 241w, https:\/\/trema-europe.de\/wp-content\/uploads\/2024\/06\/7a631ee9-eac7-479d-96dd-975df94ae53f-768x954.jpg 768w, https:\/\/trema-europe.de\/wp-content\/uploads\/2024\/06\/7a631ee9-eac7-479d-96dd-975df94ae53f.jpg 1145w\" sizes=\"auto, (max-width: 824px) 100vw, 824px\" \/><\/figure><\/div>\n\n\n<p>Die TREMA Tage bieten eine ideale Plattform, um \u00fcber neueste Entwicklungen im Bereich der Notfallmedizin und Einsatzszenarien informiert zu werden. Experten aus verschiedenen Bereichen werden spannende Vortr\u00e4ge halten und ihr Fachwissen teilen. Praktische Workshops erm\u00f6glichen den Teilnehmern, ihre F\u00e4higkeiten zu vertiefen und neue Techniken zu erlernen.<\/p>\n\n\n\n<p>Besonders hervorzuheben sind auch in diesem Jahr die Networking-M\u00f6glichkeiten, bei denen die Teilnehmer sich mit Kollegen aus anderen beh\u00f6rdlichen Einheiten austauschen und wertvolle Kontakte kn\u00fcpfen k\u00f6nnen.<\/p>\n\n\n\n<p>Interessierte k\u00f6nnen sich f\u00fcr die TREMA Tage 2024 unter folgendem Link anmelden: <a href=\"https:\/\/app.guestoo.de\/public\/event\/5deaf865-8a96-41f4-971f-255f841f3a0b\">LINK ZU ANMELDUNG TREMA TAGE 2024<\/a> Seid dabei und erlebt zwei informative und inspirierende Tage in Mosbach! Wir freuen uns auf euch!<\/p>\n","protected":false},"excerpt":{"rendered":"<p>Die TREMA Tage 2024 stehen vor der T\u00fcr und auch in diesem Jahr verspricht die Veranstaltung in Mosbach wieder hochinteressant zu werden. &hellip; <\/p>\n<p><a href=\"https:\/\/trema-europe.de\/index.php\/2024\/06\/06\/trema-tage-2024-in-mosbach\/\" class=\"read-more-btn btn btn-small\">Weiterlesen&#8230;<span class=\"screen-reader-text\">TREMA Tage 2024 in Mosbach<\/span><\/a><\/p>\n","protected":false},"author":1,"featured_media":18644,"comment_status":"open","ping_status":"closed","sticky":false,"template":"","format":"standard","meta":{"_acf_changed":false,"_jetpack_memberships_contains_paid_content":false,"footnotes":"","jetpack_publicize_message":"","jetpack_publicize_feature_enabled":true,"jetpack_social_post_already_shared":true,"jetpack_social_options":{"image_generator_settings":{"template":"highway","default_image_id":0,"font":"","enabled":false},"version":2}},"categories":[1],"tags":[],"class_list":["post-18642","post","type-post","status-publish","format-standard","has-post-thumbnail","hentry","category-uncategorized"],"acf":[],"jetpack_publicize_connections":[],"jetpack_featured_media_url":"https:\/\/trema-europe.de\/wp-content\/uploads\/2024\/06\/7a631ee9-eac7-479d-96dd-975df94ae53f.jpg","jetpack_sharing_enabled":true,"_links":{"self":[{"href":"https:\/\/trema-europe.de\/index.php\/wp-json\/wp\/v2\/posts\/18642","targetHints":{"allow":["GET"]}}],"collection":[{"href":"https:\/\/trema-europe.de\/index.php\/wp-json\/wp\/v2\/posts"}],"about":[{"href":"https:\/\/trema-europe.de\/index.php\/wp-json\/wp\/v2\/types\/post"}],"author":[{"embeddable":true,"href":"https:\/\/trema-europe.de\/index.php\/wp-json\/wp\/v2\/users\/1"}],"replies":[{"embeddable":true,"href":"https:\/\/trema-europe.de\/index.php\/wp-json\/wp\/v2\/comments?post=18642"}],"version-history":[{"count":2,"href":"https:\/\/trema-europe.de\/index.php\/wp-json\/wp\/v2\/posts\/18642\/revisions"}],"predecessor-version":[{"id":18647,"href":"https:\/\/trema-europe.de\/index.php\/wp-json\/wp\/v2\/posts\/18642\/revisions\/18647"}],"wp:featuredmedia":[{"embeddable":true,"href":"https:\/\/trema-europe.de\/index.php\/wp-json\/wp\/v2\/media\/18644"}],"wp:attachment":[{"href":"https:\/\/trema-europe.de\/index.php\/wp-json\/wp\/v2\/media?parent=18642"}],"wp:term":[{"taxonomy":"category","embeddable":true,"href":"https:\/\/trema-europe.de\/index.php\/wp-json\/wp\/v2\/categories?post=18642"},{"taxonomy":"post_tag","embeddable":true,"href":"https:\/\/trema-europe.de\/index.php\/wp-json\/wp\/v2\/tags?post=18642"}],"curies":[{"name":"wp","href":"https:\/\/api.w.org\/{rel}","templated":true}]}}